[{"@context":"https:\/\/schema.org\/","@type":"Article","@id":"https:\/\/www.equis.cz\/konecne-se-budete-moct-tesit-na-leto\/#Article","mainEntityOfPage":"https:\/\/www.equis.cz\/konecne-se-budete-moct-tesit-na-leto\/","headline":"Kone\u010dn\u011b se budete moct t\u011b\u0161it na l\u00e9to","name":"Kone\u010dn\u011b se budete moct t\u011b\u0161it na l\u00e9to","description":"V\u017edy kdy\u017e p\u0159ich\u00e1z\u00ed tepl\u00e9 letn\u00ed obdob\u00ed, d\u011bs\u00edte se toho, co zase budete nosit za oble\u010den\u00ed. Kr\u00e1tk\u00e9 sukn\u011b a halenky na ram\u00ednk\u00e1ch se V\u00e1m sice na pohled opravdu velmi l\u00edb\u00ed, ale nec\u00edt\u00edte se v takov\u00e9m oble\u010den\u00ed pohodln\u011b, a proto ve v\u011bt\u0161in\u011b","datePublished":"2020-10-19","dateModified":"2023-05-05","author":{"@type":"Person","@id":"https:\/\/www.equis.cz\/author\/#Person","name":"","url":"https:\/\/www.equis.cz\/author\/","identifier":1,"image":{"@type":"ImageObject","@id":"https:\/\/secure.gravatar.com\/avatar\/0c4621640b5c0734669aeb181ef77969b528487727344f28e734a206566ea0f1?s=96&d=mm&r=g","url":"https:\/\/secure.gravatar.com\/avatar\/0c4621640b5c0734669aeb181ef77969b528487727344f28e734a206566ea0f1?s=96&d=mm&r=g","height":96,"width":96}},"publisher":{"@type":"Organization","name":"equis.cz","logo":{"@type":"ImageObject","@id":"\/logo.png","url":"\/logo.png","width":600,"height":60}},"image":{"@type":"ImageObject","@id":"https:\/\/www.equis.cz\/wp-content\/uploads\/fish-3483465_1280.jpg","url":"https:\/\/www.equis.cz\/wp-content\/uploads\/fish-3483465_1280.jpg","height":0,"width":0},"url":"https:\/\/www.equis.cz\/konecne-se-budete-moct-tesit-na-leto\/","about":["N\u00e1kupy"],"wordCount":435,"articleBody":"        V\u017edy kdy\u017e p\u0159ich\u00e1z\u00ed tepl\u00e9 letn\u00ed obdob\u00ed, d\u011bs\u00edte se toho, co zase budete nosit za oble\u010den\u00ed. Kr\u00e1tk\u00e9 sukn\u011b a halenky na ram\u00ednk\u00e1ch se V\u00e1m sice na pohled opravdu velmi l\u00edb\u00ed, ale nec\u00edt\u00edte se v takov\u00e9m oble\u010den\u00ed pohodln\u011b, a proto ve v\u011bt\u0161in\u011b p\u0159\u00edpadech vol\u00edte pohodln\u011bj\u0161\u00ed oble\u010den\u00ed, ve kter\u00e9m dok\u00e1\u017eete schovat \u010d\u00e1sti t\u011bla, se kter\u00fdmi nejste \u00fapln\u011b spokojeni. \u010clov\u011bk by si m\u011bl celkov\u00e9 letn\u00ed po\u010das\u00ed opravdu u\u017e\u00edt. M\u011bl by nosit oble\u010den\u00ed, kter\u00e9 se mu l\u00edb\u00ed. M\u011bl by se tak\u00e9 t\u011b\u0161it na nejr\u016fzn\u011bj\u0161\u00ed koupali\u0161t\u011b a u\u017e\u00edt si letn\u00ed obdob\u00ed tak, jak je pro v\u011bt\u0161inu lid\u00ed zvykem. Pokud je pro V\u00e1s letn\u00ed obdob\u00ed t\u00edm nejn\u00e1ro\u010dn\u011bj\u0161\u00edm obdob\u00edm na psychiku pr\u00e1v\u011b kv\u016fli Va\u0161\u00ed postav\u011b, rozhodn\u011b byste s t\u00edm m\u011bli n\u011bco d\u011blat, abyste se c\u00edtili opravdu dob\u0159e a abyste m\u011bli svoji psychiku v naprost\u00e9m po\u0159\u00e1dku. Nemus\u00edte dr\u017eet nesmysln\u00e9 stravovac\u00ed n\u00e1vyky, po kter\u00fdch bu\u010f nezhubnete nebo v hor\u0161\u00edm p\u0159\u00edpad\u011b shod\u00edte p\u0159ebyte\u010dn\u00e1 kila, kter\u00e1 se V\u00e1m s odstupem \u010dasu vr\u00e1t\u00ed i s nep\u0159\u00edjemn\u00fdmi \u00faroky. Rozhodn\u011b ne\u010dekejte na to, a\u017e se Va\u0161e t\u011blo zm\u011bn\u00ed samo, ale za\u010dn\u011bte s t\u00edm n\u011bco d\u011blat pomoc\u00ed na\u0161eho modern\u00edho stravov\u00e1n\u00ed, kter\u00e9 V\u00e1m bude chutnat a z\u00e1rove\u0148 je velmi \u00fa\u010dinn\u00e9 naprosto pro ka\u017ed\u00e9ho \u010dlov\u011bka. Na\u0161e proteinov\u00e1 dieta je p\u0159esn\u011b t\u00edm ide\u00e1ln\u00edm \u0159e\u0161en\u00edm, jak se zdrav\u011b a chutn\u011b zbavit p\u0159ebyte\u010dn\u00fdch kil a dostat se do letn\u00edho \u010dasu do t\u00e9 nejlep\u0161\u00ed mo\u017en\u00e9 formy. Uvid\u00edte sami, \u017ee lep\u0161\u00ed zp\u016fsob stravov\u00e1n\u00ed pro ztr\u00e1tu p\u0159ebyte\u010dn\u00fdch kil jste si ani nemohli p\u0159edstavit a \u017ee budete s touto dietou opravdu velmi spokojeni. Nezkou\u0161ejte nesmysln\u00e9 zp\u016fsoby stravov\u00e1n\u00ed, kter\u00e9 nemaj\u00ed cenu, ale dejte p\u0159ednost kvalitn\u00edm protein\u016fm a dokonale modern\u00edmu syst\u00e9mu, kter\u00fd si zamilujete a d\u00edky kter\u00e9mu se kone\u010dn\u011b budete moct i po letech t\u011b\u0161it na l\u00e9to a v\u0161e spojen\u00e9 s n\u00edm. Kone\u010dn\u011b se m\u016f\u017eete t\u011b\u0161it na sv\u00e9 nov\u00e9 j\u00e1 v \u00fapln\u011b nov\u00e9m t\u011ble d\u00edky na\u0161emu prvot\u0159\u00eddn\u00edmu stravov\u00e1n\u00ed, kter\u00e9 si rozhodn\u011b zamilujete hned na prvn\u00ed ochutn\u00e1n\u00ed.                                                                                                                                                                                                                                                                                                                                                                                          4.1\/5 - (10 votes)        "},{"@context":"https:\/\/schema.org\/","@type":"BreadcrumbList","itemListElement":[{"@type":"ListItem","position":1,"name":"Kone\u010dn\u011b se budete moct t\u011b\u0161it na l\u00e9to","item":"https:\/\/www.equis.cz\/konecne-se-budete-moct-tesit-na-leto\/#breadcrumbitem"}]}]