{"@context":"https:\/\/schema.org\/","@type":"CollectionPage","@id":"https:\/\/www.equis.cz\/nakupy\/#CollectionPage","headline":"N\u00e1kupy Category","description":"","url":"https:\/\/www.equis.cz\/nakupy\/","hasPart":[{"@type":"Article","@id":"https:\/\/www.equis.cz\/trampolina-na-zahradu\/","headline":"Trampol\u00edna na zahradu","url":"https:\/\/www.equis.cz\/trampolina-na-zahradu\/","datePublished":"2021-02-18","dateModified":"2023-05-05","mainEntityOfPage":"https:\/\/www.equis.cz\/trampolina-na-zahradu\/","author":{"@type":"Person","@id":"https:\/\/www.equis.cz\/author\/#Person","name":"","url":"https:\/\/www.equis.cz\/author\/","identifier":1,"image":{"@type":"ImageObject","@id":"https:\/\/secure.gravatar.com\/avatar\/0c4621640b5c0734669aeb181ef77969b528487727344f28e734a206566ea0f1?s=96&d=mm&r=g","url":"https:\/\/secure.gravatar.com\/avatar\/0c4621640b5c0734669aeb181ef77969b528487727344f28e734a206566ea0f1?s=96&d=mm&r=g","height":96,"width":96}},"publisher":{"@type":"Organization","name":"equis.cz","logo":{"@type":"ImageObject","@id":"\/logo.png","url":"\/logo.png","width":600,"height":60}},"image":{"@type":"ImageObject","@id":"https:\/\/www.equis.cz\/wp-content\/uploads\/venkovn%C3%AD%20trampo%C3%ADlna.jpg","url":"https:\/\/www.equis.cz\/wp-content\/uploads\/venkovn%C3%AD%20trampo%C3%ADlna.jpg","height":0,"width":0},"keywords":null},{"@type":"Article","@id":"https:\/\/www.equis.cz\/zdravy-zivotni-styl-cviceni-ani-stravu-neberte-jako-trest-vyplati-se-to\/","headline":"Zdrav\u00fd \u017eivotn\u00ed styl: Cvi\u010den\u00ed ani stravu neberte jako trest, vyplat\u00ed se to.","url":"https:\/\/www.equis.cz\/zdravy-zivotni-styl-cviceni-ani-stravu-neberte-jako-trest-vyplati-se-to\/","datePublished":"2021-02-16","dateModified":"2023-09-01","mainEntityOfPage":"https:\/\/www.equis.cz\/zdravy-zivotni-styl-cviceni-ani-stravu-neberte-jako-trest-vyplati-se-to\/","author":{"@type":"Person","@id":"https:\/\/www.equis.cz\/author\/#Person","name":"","url":"https:\/\/www.equis.cz\/author\/","identifier":1,"image":{"@type":"ImageObject","@id":"https:\/\/secure.gravatar.com\/avatar\/0c4621640b5c0734669aeb181ef77969b528487727344f28e734a206566ea0f1?s=96&d=mm&r=g","url":"https:\/\/secure.gravatar.com\/avatar\/0c4621640b5c0734669aeb181ef77969b528487727344f28e734a206566ea0f1?s=96&d=mm&r=g","height":96,"width":96}},"publisher":{"@type":"Organization","name":"equis.cz","logo":{"@type":"ImageObject","@id":"\/logo.png","url":"\/logo.png","width":600,"height":60}},"image":{"@type":"ImageObject","@id":"https:\/\/www.equis.cz\/wp-content\/uploads\/cvi%C4%8Den%C3%ADm_do_formy.jpg","url":"https:\/\/www.equis.cz\/wp-content\/uploads\/cvi%C4%8Den%C3%ADm_do_formy.jpg","height":0,"width":0},"keywords":null},{"@type":"Article","@id":"https:\/\/www.equis.cz\/na-kterem-typu-schodiste-je-nutne-byt-nejopatrnejsi\/","headline":"Na kter\u00e9m typu schodi\u0161t\u011b je nutn\u00e9 b\u00fdt nejopatrn\u011bj\u0161\u00ed","url":"https:\/\/www.equis.cz\/na-kterem-typu-schodiste-je-nutne-byt-nejopatrnejsi\/","datePublished":"2021-01-17","dateModified":"2023-05-05","mainEntityOfPage":"https:\/\/www.equis.cz\/na-kterem-typu-schodiste-je-nutne-byt-nejopatrnejsi\/","author":{"@type":"Person","@id":"https:\/\/www.equis.cz\/author\/#Person","name":"","url":"https:\/\/www.equis.cz\/author\/","identifier":1,"image":{"@type":"ImageObject","@id":"https:\/\/secure.gravatar.com\/avatar\/0c4621640b5c0734669aeb181ef77969b528487727344f28e734a206566ea0f1?s=96&d=mm&r=g","url":"https:\/\/secure.gravatar.com\/avatar\/0c4621640b5c0734669aeb181ef77969b528487727344f28e734a206566ea0f1?s=96&d=mm&r=g","height":96,"width":96}},"publisher":{"@type":"Organization","name":"equis.cz","logo":{"@type":"ImageObject","@id":"\/logo.png","url":"\/logo.png","width":600,"height":60}},"image":{"@type":"ImageObject","@id":"https:\/\/www.equis.cz\/wp-content\/uploads\/schodiste3_10_10_10.jpg","url":"https:\/\/www.equis.cz\/wp-content\/uploads\/schodiste3_10_10_10.jpg","height":0,"width":0},"keywords":null},{"@type":"Article","@id":"https:\/\/www.equis.cz\/nabytek-co-vam-pomuze-s-nedostatkem-mista\/","headline":"N\u00e1bytek, co v\u00e1m pom\u016f\u017ee s nedostatkem m\u00edsta","url":"https:\/\/www.equis.cz\/nabytek-co-vam-pomuze-s-nedostatkem-mista\/","datePublished":"2020-12-14","dateModified":"2020-12-14","mainEntityOfPage":"https:\/\/www.equis.cz\/nabytek-co-vam-pomuze-s-nedostatkem-mista\/","author":{"@type":"Person","@id":"https:\/\/www.equis.cz\/author\/#Person","name":"","url":"https:\/\/www.equis.cz\/author\/","identifier":1,"image":{"@type":"ImageObject","@id":"https:\/\/secure.gravatar.com\/avatar\/0c4621640b5c0734669aeb181ef77969b528487727344f28e734a206566ea0f1?s=96&d=mm&r=g","url":"https:\/\/secure.gravatar.com\/avatar\/0c4621640b5c0734669aeb181ef77969b528487727344f28e734a206566ea0f1?s=96&d=mm&r=g","height":96,"width":96}},"publisher":{"@type":"Organization","name":"equis.cz","logo":{"@type":"ImageObject","@id":"\/logo.png","url":"\/logo.png","width":600,"height":60}},"image":{"@type":"ImageObject","@id":"https:\/\/www.equis.cz\/wp-content\/uploads\/Lo%C5%BEnicov%C3%A1%20sk%C5%99%C3%AD%C5%88_2.jpg","url":"https:\/\/www.equis.cz\/wp-content\/uploads\/Lo%C5%BEnicov%C3%A1%20sk%C5%99%C3%AD%C5%88_2.jpg","height":0,"width":0},"keywords":null},{"@type":"Article","@id":"https:\/\/www.equis.cz\/konecne-se-budete-moct-tesit-na-leto\/","headline":"Kone\u010dn\u011b se budete moct t\u011b\u0161it na l\u00e9to","url":"https:\/\/www.equis.cz\/konecne-se-budete-moct-tesit-na-leto\/","datePublished":"2020-10-19","dateModified":"2023-05-05","mainEntityOfPage":"https:\/\/www.equis.cz\/konecne-se-budete-moct-tesit-na-leto\/","author":{"@type":"Person","@id":"https:\/\/www.equis.cz\/author\/#Person","name":"","url":"https:\/\/www.equis.cz\/author\/","identifier":1,"image":{"@type":"ImageObject","@id":"https:\/\/secure.gravatar.com\/avatar\/0c4621640b5c0734669aeb181ef77969b528487727344f28e734a206566ea0f1?s=96&d=mm&r=g","url":"https:\/\/secure.gravatar.com\/avatar\/0c4621640b5c0734669aeb181ef77969b528487727344f28e734a206566ea0f1?s=96&d=mm&r=g","height":96,"width":96}},"publisher":{"@type":"Organization","name":"equis.cz","logo":{"@type":"ImageObject","@id":"\/logo.png","url":"\/logo.png","width":600,"height":60}},"image":{"@type":"ImageObject","@id":"https:\/\/www.equis.cz\/wp-content\/uploads\/fish-3483465_1280.jpg","url":"https:\/\/www.equis.cz\/wp-content\/uploads\/fish-3483465_1280.jpg","height":0,"width":0},"keywords":null},{"@type":"Article","@id":"https:\/\/www.equis.cz\/jak-na-skvelou-ovesnou-kasi\/","headline":"Jak na skv\u011blou ovesnou ka\u0161i?","url":"https:\/\/www.equis.cz\/jak-na-skvelou-ovesnou-kasi\/","datePublished":"2020-09-08","dateModified":"2023-05-05","mainEntityOfPage":"https:\/\/www.equis.cz\/jak-na-skvelou-ovesnou-kasi\/","author":{"@type":"Person","@id":"https:\/\/www.equis.cz\/author\/#Person","name":"","url":"https:\/\/www.equis.cz\/author\/","identifier":1,"image":{"@type":"ImageObject","@id":"https:\/\/secure.gravatar.com\/avatar\/0c4621640b5c0734669aeb181ef77969b528487727344f28e734a206566ea0f1?s=96&d=mm&r=g","url":"https:\/\/secure.gravatar.com\/avatar\/0c4621640b5c0734669aeb181ef77969b528487727344f28e734a206566ea0f1?s=96&d=mm&r=g","height":96,"width":96}},"publisher":{"@type":"Organization","name":"equis.cz","logo":{"@type":"ImageObject","@id":"\/logo.png","url":"\/logo.png","width":600,"height":60}},"image":{"@type":"ImageObject","@id":"https:\/\/www.equis.cz\/wp-content\/uploads\/maliny%20v%20ovesne%CC%81%20kas%CC%8Ci.jpg","url":"https:\/\/www.equis.cz\/wp-content\/uploads\/maliny%20v%20ovesne%CC%81%20kas%CC%8Ci.jpg","height":0,"width":0},"keywords":null},{"@type":"Article","@id":"https:\/\/www.equis.cz\/se-stestim-zazijeme-ten-den-jen-jednou\/","headline":"Se \u0161t\u011bst\u00edm za\u017eijeme ten den jen jednou","url":"https:\/\/www.equis.cz\/se-stestim-zazijeme-ten-den-jen-jednou\/","datePublished":"2020-07-14","dateModified":"2023-05-05","mainEntityOfPage":"https:\/\/www.equis.cz\/se-stestim-zazijeme-ten-den-jen-jednou\/","author":{"@type":"Person","@id":"https:\/\/www.equis.cz\/author\/#Person","name":"","url":"https:\/\/www.equis.cz\/author\/","identifier":1,"image":{"@type":"ImageObject","@id":"https:\/\/secure.gravatar.com\/avatar\/0c4621640b5c0734669aeb181ef77969b528487727344f28e734a206566ea0f1?s=96&d=mm&r=g","url":"https:\/\/secure.gravatar.com\/avatar\/0c4621640b5c0734669aeb181ef77969b528487727344f28e734a206566ea0f1?s=96&d=mm&r=g","height":96,"width":96}},"publisher":{"@type":"Organization","name":"equis.cz","logo":{"@type":"ImageObject","@id":"\/logo.png","url":"\/logo.png","width":600,"height":60}},"image":{"@type":"ImageObject","@id":"https:\/\/www.equis.cz\/wp-content\/uploads\/%C5%BEenich%20a%20nev%C4%9Bsta_1.jpeg","url":"https:\/\/www.equis.cz\/wp-content\/uploads\/%C5%BEenich%20a%20nev%C4%9Bsta_1.jpeg","height":0,"width":0},"keywords":null},{"@type":"Article","@id":"https:\/\/www.equis.cz\/zip-sacky-a-pytle-se-vyrabi-z-ruzneho-materialu-a-v-mnoha-velikostech\/","headline":"Zip s\u00e1\u010dky a pytle se vyr\u00e1b\u00ed z r\u016fzn\u00e9ho materi\u00e1lu a v mnoha velikostech","url":"https:\/\/www.equis.cz\/zip-sacky-a-pytle-se-vyrabi-z-ruzneho-materialu-a-v-mnoha-velikostech\/","datePublished":"2020-07-12","dateModified":"2023-05-05","mainEntityOfPage":"https:\/\/www.equis.cz\/zip-sacky-a-pytle-se-vyrabi-z-ruzneho-materialu-a-v-mnoha-velikostech\/","author":{"@type":"Person","@id":"https:\/\/www.equis.cz\/author\/#Person","name":"","url":"https:\/\/www.equis.cz\/author\/","identifier":1,"image":{"@type":"ImageObject","@id":"https:\/\/secure.gravatar.com\/avatar\/0c4621640b5c0734669aeb181ef77969b528487727344f28e734a206566ea0f1?s=96&d=mm&r=g","url":"https:\/\/secure.gravatar.com\/avatar\/0c4621640b5c0734669aeb181ef77969b528487727344f28e734a206566ea0f1?s=96&d=mm&r=g","height":96,"width":96}},"publisher":{"@type":"Organization","name":"equis.cz","logo":{"@type":"ImageObject","@id":"\/logo.png","url":"\/logo.png","width":600,"height":60}},"image":{"@type":"ImageObject","@id":"https:\/\/www.equis.cz\/wp-content\/uploads\/r%C3%BD%C5%BEe%20v%20s%C3%A1%C4%8Dku.jpg","url":"https:\/\/www.equis.cz\/wp-content\/uploads\/r%C3%BD%C5%BEe%20v%20s%C3%A1%C4%8Dku.jpg","height":0,"width":0},"keywords":null},{"@type":"Article","@id":"https:\/\/www.equis.cz\/co-je-to-vystruznik-a-jake-jsou-jeho-druhy\/","headline":"Co je to v\u00fdstru\u017en\u00edk a jak\u00e9 jsou jeho druhy","url":"https:\/\/www.equis.cz\/co-je-to-vystruznik-a-jake-jsou-jeho-druhy\/","datePublished":"2020-06-20","dateModified":"2023-05-05","mainEntityOfPage":"https:\/\/www.equis.cz\/co-je-to-vystruznik-a-jake-jsou-jeho-druhy\/","author":{"@type":"Person","@id":"https:\/\/www.equis.cz\/author\/#Person","name":"","url":"https:\/\/www.equis.cz\/author\/","identifier":1,"image":{"@type":"ImageObject","@id":"https:\/\/secure.gravatar.com\/avatar\/0c4621640b5c0734669aeb181ef77969b528487727344f28e734a206566ea0f1?s=96&d=mm&r=g","url":"https:\/\/secure.gravatar.com\/avatar\/0c4621640b5c0734669aeb181ef77969b528487727344f28e734a206566ea0f1?s=96&d=mm&r=g","height":96,"width":96}},"publisher":{"@type":"Organization","name":"equis.cz","logo":{"@type":"ImageObject","@id":"\/logo.png","url":"\/logo.png","width":600,"height":60}},"image":{"@type":"ImageObject","@id":"https:\/\/www.equis.cz\/wp-content\/uploads\/driller-1227065.jpg","url":"https:\/\/www.equis.cz\/wp-content\/uploads\/driller-1227065.jpg","height":0,"width":0},"keywords":null},{"@type":"Article","@id":"https:\/\/www.equis.cz\/zasuvky-a-vypinace\/","headline":"Z\u00e1suvky a vyp\u00edna\u010de","url":"https:\/\/www.equis.cz\/zasuvky-a-vypinace\/","datePublished":"2019-11-17","dateModified":"2024-05-06","mainEntityOfPage":"https:\/\/www.equis.cz\/zasuvky-a-vypinace\/","author":{"@type":"Person","@id":"https:\/\/www.equis.cz\/author\/#Person","name":"","url":"https:\/\/www.equis.cz\/author\/","identifier":1,"image":{"@type":"ImageObject","@id":"https:\/\/secure.gravatar.com\/avatar\/0c4621640b5c0734669aeb181ef77969b528487727344f28e734a206566ea0f1?s=96&d=mm&r=g","url":"https:\/\/secure.gravatar.com\/avatar\/0c4621640b5c0734669aeb181ef77969b528487727344f28e734a206566ea0f1?s=96&d=mm&r=g","height":96,"width":96}},"publisher":{"@type":"Organization","name":"equis.cz","logo":{"@type":"ImageObject","@id":"\/logo.png","url":"\/logo.png","width":600,"height":60}},"image":{"@type":"ImageObject","@id":"https:\/\/www.equis.cz\/wp-content\/uploads\/img_a373932_w3719_t1585305567.jpg","url":"https:\/\/www.equis.cz\/wp-content\/uploads\/img_a373932_w3719_t1585305567.jpg","height":0,"width":0},"keywords":null}]}